{"id":335,"date":"2026-08-21T10:06:59","date_gmt":"2026-08-21T07:06:59","guid":{"rendered":"https:\/\/dokforums.gov.lv\/lv\/?p=335"},"modified":"2026-09-03T16:52:48","modified_gmt":"2026-09-03T13:52:48","slug":"30-dokumentalo-filmu-forums-izzino-jubilejas-programmu","status":"publish","type":"post","link":"https:\/\/dokforums.gov.lv\/lv\/30-dokumentalo-filmu-forums-izzino-jubilejas-programmu\/","title":{"rendered":"30. Dokument\u0101lo filmu forums izzi\u0146o jubilejas programmu"},"content":{"rendered":"\n<section id=\"text-image-block_62ebff045f14a3c6472b770ca79ada29\" class=\"block text-image band\">\n    <div class=\"rounded-lg bg-white px-5 py-8 md:p-14\">\n        <div class=\"max-w-[59rem]\">    \n    \n    \n    <div class=\"editor-content rich-text text-body-md md:text-body-lg mb-5\"><p><b>No 8. l\u012bdz 13. septembrim norisin\u0101sies 30. Dokument\u0101lo filmu forums \u201cBaltic Sea Docs\u201d, pied\u0101v\u0101jot <\/b><b>divpadsmit<\/b><b> starptautiski nov\u0113rt\u0113tas dokument\u0101l\u0101s filmas un tik\u0161anos ar filmu veidot\u0101jiem. Foruma seansi notiks kinote\u0101tr\u012b &#8220;Splendid Palace&#8221; R\u012bg\u0101, C\u0113s\u012bs, Liep\u0101j\u0101, R\u0113zekn\u0113 un J\u0113kabpils novad\u0101 Sal\u0101. Da\u013ca programmas b\u016bs skat\u0101ma ar\u012b tie\u0161saist\u0113 Nacion\u0101l\u0101 Kino centra platform\u0101 <\/b><a href=\"http:\/\/filmas.lv\"><b>filmas.lv<\/b><\/a><b>. T\u0101pat skat\u012bt\u0101ji aicin\u0101ti apmekl\u0113t \u012bpa\u0161o pas\u0101kumu programmu J\u016brmal\u0101.<\/b><\/p>\n<p><span style=\"font-weight: 400;\">Jau tr\u012bsdesmito gadu <\/span><span style=\"font-weight: 400;\">Dokument\u0101lo filmu forums<\/span><span style=\"font-weight: 400;\"> ir viena no noz\u012bm\u012bg\u0101kaj\u0101m dokument\u0101l\u0101 kino platform\u0101m Baltijas re\u0123ion\u0101, vienlaikus veicinot jaunu filmu tap\u0161anu un dodot Latvijas skat\u012bt\u0101jiem iesp\u0113ju uz liel\u0101 ekr\u0101na redz\u0113t pasaul\u0113 aktu\u0101l\u0101ko dokument\u0101lo kino.\u00a0\u00a0<\/span><\/p>\n<p><span style=\"font-weight: 400;\">Lai apmekl\u0113tu vair\u0101kus \u201cBaltic Sea Docs\u201d seansus par \u012bpa\u0161u cenu, no \u0161odienas skat\u012bt\u0101ji var ieg\u0101d\u0101ties <\/span><a href=\"https:\/\/www.splendidpalace.lv\/lv\/splendid-garden-kino\/dokumentalo-filmu-foruma-tris-bilesu-komplekts\"><b>bi\u013ce\u0161u komplektu<\/b><\/a><span style=\"font-weight: 400;\">, kas \u013caus skat\u012bties filmas, apmainot komplekta kodu pret bi\u013cet\u0113m uz izv\u0113l\u0113tajiem seansiem. Bi\u013ce\u0161u tirdzniec\u012bba uz filmu seansiem kinote\u0101tr\u012b <\/span><i><span style=\"font-weight: 400;\">Splendid Palace <\/span><\/i><span style=\"font-weight: 400;\">s\u0101ksies <\/span><span style=\"font-weight: 400;\">21.<\/span><span style=\"font-weight: 400;\"> august\u0101. Skol\u0113ni, studenti un pension\u0101ri seansus var\u0113s apmekl\u0113t bez maksas (\u0161\u012bs bi\u013cetes pieejamas ierobe\u017eot\u0101 skait\u0101 un j\u0101iz\u0146em kinote\u0101tra kas\u0113).\u00a0<\/span><\/p>\n<p><span style=\"font-weight: 400;\">Forumu atkl\u0101s ukrai\u0146u re\u017eisores J\u016blijas Hontarukas dokument\u0101l\u0101 filma &#8220;<\/span><a href=\"https:\/\/vimeo.com\/1207633855\/c756f99cae?fl=pl&amp;fe=ti\"><span style=\"font-weight: 400;\">T\u0113rauda br\u0101l\u012bba<\/span><\/a><span style=\"font-weight: 400;\">&#8221; \u2013 Latvijas, Ukrainas un Slov\u0101kijas kopra\u017eojums, kas tapis ar Latvijas studijas \u201cVFS Films\u201d l\u012bdzdal\u012bbu un pirmizr\u0101di piedz\u012bvoja presti\u017eaj\u0101 Karlovi Varu starptautiskaj\u0101 kinofestival\u0101. \u201cEmocion\u0101li tie\u0161ais, 12 gadu garum\u0101 veidotais tr\u012bs Ukrainas karot\u0101ju portrets atkl\u0101j \u2013 kar\u0161 nebeidzas br\u012bd\u012b, kad tiek pamests kaujas lauks. Kara atbalss iejaucas attiec\u012bb\u0101s, klusum\u0101, \u0137ermen\u012b un laika izj\u016bt\u0101. \u201cT\u0113rauda br\u0101l\u012bba\u201d ir filma par neatlaid\u012bgu, apbr\u012bnojamu v\u0113lmi dz\u012bvot p\u0113c tam, kad jau pieredz\u0113ta n\u0101ves kl\u0101tb\u016btne,\u201d p\u0113c filmas noskat\u012b\u0161an\u0101s raksta <\/span><i><span style=\"font-weight: 400;\">Cineuropa<\/span><\/i><span style=\"font-weight: 400;\"> kinokriti\u0137is Davide Abate\u0161anni. P\u0113c atkl\u0101\u0161anas seansa skat\u012bt\u0101jiem b\u016bs iesp\u0113ja tikties ar filmas re\u017eisori.<\/span><\/p>\n<p><span style=\"font-weight: 400;\">\u0160ogad \u201cBaltic Sea Docs\u201d filmu programma ved skat\u012bt\u0101jus uz Amazones lietusme\u017eiem un Somijas tundru, Grie\u0137ijas sal\u0101m un<\/span><span style=\"font-weight: 400;\"> \u0145ujorkas \u0161tata pierobe\u017eu,<\/span><span style=\"font-weight: 400;\"> Sil\u012bcija ieleju un Baltijas j\u016bras piekrasti. Programm\u0101 iek\u013cautas starptautiskos festiv\u0101los godalgotas filmas, tostarp darbi, kas tapu\u0161i ar Dokument\u0101lo filmu foruma kopra\u017eojumu platformas atbalstu. Skat\u012bt\u0101jiem b\u016bs iesp\u0113ja redz\u0113t dokument\u0101lo kino no Zviedrijas, D\u0101nijas, Francijas, V\u0101cijas, Igaunijas, Somijas, Lietuvas, Polijas, Ukrainas, Latvijas, Slov\u0101kijas un ASV. Filmu tematika skar cilv\u0113kties\u012bbu, tehnolo\u0123iju, klimata p\u0101rmai\u0146u, \u0123imenes attiec\u012bbu, \u0123eopolitikas, identit\u0101tes mekl\u0113jumu, m\u0101ksliniecisk\u0101s atbild\u012bbas un izteiksmes br\u012bv\u012bbas t\u0113mas.<\/span><\/p>\n<p><span style=\"font-weight: 400;\">Programm\u0101 tuvpl\u0101n\u0101 skat\u0101ma Ukrainas pieredze film\u0101s &#8220;<\/span><a href=\"https:\/\/vimeo.com\/1207633855\/c756f99cae?fl=pl&amp;fe=ti\"><span style=\"font-weight: 400;\">T\u0113rauda br\u0101l\u012bba<\/span><\/a><span style=\"font-weight: 400;\">&#8220;, &#8220;<\/span><a href=\"https:\/\/www.youtube.com\/watch?v=iXOMI5Q2j_4&amp;t=5s\"><span style=\"font-weight: 400;\">Kur viss z\u016bd<\/span><\/a><span style=\"font-weight: 400;\">&#8221; un Romana Bondar\u010duka &#8220;<\/span><a href=\"https:\/\/www.youtube.com\/watch?v=XUEw3jPySFA\"><span style=\"font-weight: 400;\">Ukrai\u0146u \u0161erifi<\/span><\/a><span style=\"font-weight: 400;\">&#8220;. Zviedru re\u017eisora Neitana Grosmana &#8220;<\/span><a href=\"https:\/\/www.youtube.com\/watch?v=UcKfEwSEkIY\"><span style=\"font-weight: 400;\">Amazonm\u0101nija<\/span><\/a><span style=\"font-weight: 400;\">&#8221; rosina p\u0101rdom\u0101t dokument\u0101l\u0101 kino \u0113tiku un koloni\u0101l\u0101 skatiena sekas, bet d\u0101\u0146u filma &#8220;<\/span><a href=\"https:\/\/www.youtube.com\/watch?v=kRhkDrdSoyk\"><span style=\"font-weight: 400;\">Tehplom\u0101tija<\/span><\/a><span style=\"font-weight: 400;\">&#8221; piev\u0113r\u0161as m\u0101ksl\u012bg\u0101 intelekta, tehnolo\u0123iju uz\u0146\u0113mumu un demokr\u0101tijas attiec\u012bb\u0101m. P\u0113c \u0161\u012bs filmas seansa kinote\u0101te\u0101tr\u012b <\/span><i><span style=\"font-weight: 400;\">Splendid Palace<\/span><\/i><span style=\"font-weight: 400;\"> ceturtdien, 10. septembr\u012b notiks diskusija par tehnolo\u0123iju kontroli un digit\u0101laj\u0101m cilv\u0113kties\u012bb\u0101m.<\/span><\/p>\n<p><span style=\"font-weight: 400;\">\u0122imenes, pieaug\u0161anas un savstarp\u0113jo attiec\u012bbu t\u0113mas risina filmas &#8220;<\/span><a href=\"https:\/\/www.youtube.com\/watch?v=Q4vFb4yZO20\"><span style=\"font-weight: 400;\">Mana \u0123imene un citi klauni<\/span><\/a><span style=\"font-weight: 400;\">&#8220;, &#8220;<\/span><a href=\"https:\/\/www.youtube.com\/watch?v=PiBrOCqAZOM\"><span style=\"font-weight: 400;\">Par ko k\u013c\u016bs Rozi?<\/span><\/a><span style=\"font-weight: 400;\">&#8220;, &#8220;<\/span><a href=\"https:\/\/www.youtube.com\/watch?v=aisvLNAeupM\"><span style=\"font-weight: 400;\">K\u013c\u016bd\u012bties ir skaist<\/span><\/a><span style=\"font-weight: 400;\">i&#8221; un &#8220;<\/span><a href=\"https:\/\/www.youtube.com\/watch?v=RPyioeUTtKs\"><span style=\"font-weight: 400;\">Mekl\u0113jot Daro<\/span><\/a><span style=\"font-weight: 400;\">&#8220;, savuk\u0101rt &#8220;<\/span><a href=\"https:\/\/www.youtube.com\/watch?v=kfI-uevVJ4A&amp;t=34s\"><span style=\"font-weight: 400;\">Romualds un j\u016bra<\/span><\/a><span style=\"font-weight: 400;\">&#8221; un &#8220;<\/span><a href=\"https:\/\/www.youtube.com\/watch?v=OYzscrnX6QM\"><span style=\"font-weight: 400;\">D\u016bmu karaliene<\/span><\/a><span style=\"font-weight: 400;\">&#8221; aicina paraudz\u012bties uz Baltijas re\u0123iona kult\u016bras atmi\u0146u, identit\u0101ti un cilv\u0113ka attiec\u012bb\u0101m ar vidi.<\/span><\/p>\n<p><span style=\"font-weight: 400;\">Programm\u0101 iek\u013cauta ar\u012b viena no noz\u012bm\u012bg\u0101kajiem m\u016bsdienu amerik\u0101\u0146u dokument\u0101listiem Aleksa Gibnija jaun\u0101k\u0101 filma \u201cAsmens. Salmana Ru\u0161di slepkav\u012bbas m\u0113\u0123in\u0101jums\u201d, kas pasaules pirmizr\u0101di piedz\u012bvoja Sand\u0101nsas kinofestiv\u0101l\u0101 \u0161\u012b gada janv\u0101r\u012b. Gibnijs, iedvesmojies no nesen\u0101s Salmana Ru\u0161di <\/span><a href=\"https:\/\/www.youtube.com\/watch?v=ab8OH80qQQk\"><span style=\"font-weight: 400;\">gr\u0101matas<\/span><\/a><span style=\"font-weight: 400;\">, piev\u0113r\u0161as pasaulslaven\u0101 indie\u0161u\u2013britu rakstnieka atvese\u013co\u0161an\u0101s posmam p\u0113c 2022. gad\u0101 \u0145ujork\u0101 notiku\u0161\u0101 uzbrukuma, kura rezult\u0101t\u0101 rakstnieks zaud\u0113ja vienu aci. Filmas \u012bpa\u0161o intimit\u0101ti rada kadri, kurus Ru\u0161di sieva film\u0113jusi slimn\u012bc\u0101, dokument\u0113jot vi\u0146a l\u0113no atgrie\u0161anos dz\u012bv\u0113. Paral\u0113li personiskajam st\u0101stam filma atkl\u0101j ar\u012b Ru\u0161di dz\u012bves un gadu desmitiem ilg\u0101s vaj\u0101\u0161anas v\u0113sturi p\u0113c rom\u0101na \u201cS\u0101tanisk\u0101s v\u0101rsmas\u201d public\u0113\u0161anas, piev\u0113r\u0161oties v\u0101rda br\u012bv\u012bbai, m\u0101kslas un reli\u0123ijas attiec\u012bb\u0101m, vardarb\u012bbai, piedo\u0161anai un ties\u012bb\u0101m br\u012bvi paust savus uzskatus.<\/span><\/p>\n<p><span style=\"font-weight: 400;\">Vair\u0101kus seansus papildin\u0101s sarunas ar filmu re\u017eisoriem un rado\u0161aj\u0101m komand\u0101m, sniedzot skat\u012bt\u0101jiem iesp\u0113ju iepaz\u012bt filmu tap\u0161anas procesu un diskut\u0113t par taj\u0101s skartajiem jaut\u0101jumiem.\u00a0<\/span><\/p>\n<p><span style=\"font-weight: 400;\">Foruma 30. jubilejas ietvaros, sestdien, 12. septembr\u012b, plkst. 13.00, J\u016brmalas kult\u016bras centr\u0101 notiks dokument\u0101l\u0101s filmas \u201cUkrai\u0146u \u0161erifi\u201d (2015) seanss. Filma tapusi sadarb\u012bb\u0101 ar Latvijas filmu studiju VFS Films. P\u0113c seansa tik\u0161an\u0101s ar filmas rado\u0161o komandu &#8211; Romanu Bondar\u010duku un Darju Aver\u010denko. <\/span><a href=\"https:\/\/artstationdubulti.lv\/lv\/sakums\"><span style=\"font-weight: 400;\">M\u0101kslas stacij\u0101 \u201cDubulti<\/span><\/a><span style=\"font-weight: 400;\">\u201d no <\/span><span style=\"font-weight: 400;\">11. septembra <\/span><span style=\"font-weight: 400;\">l\u012bdz 1. oktobrim no plkst. 9.00 l\u012bdz 18.00 b\u016bs skat\u0101ma filmai velt\u012bta foto izst\u0101de \u201cUkrainas \u0161erifi. Nepazaud\u0113t m\u0101jas\u201d, ko organiz\u0113 biedr\u012bba \u201cAvantis\u201d un finans\u0113 Valsts kult\u016brkapit\u0101la fonds. Savuk\u0101rt 10. septembr\u012b plkst. 18.30 galerij\u0101 ISSP R\u012bg\u0101 notiks R. Bondar\u010duka autorvakars ar fotogr\u0101fiju skati un sarun\u0101m par Hersonas re\u0123iona dokument\u0113\u0161anu.\u00a0<\/span><\/p>\n<p><span style=\"font-weight: 400;\">Pla\u0161\u0101ka inform\u0101cija par filmu programmu<\/span> <span style=\"font-weight: 400;\">pieejama Dokument\u0101lo filmu foruma m\u0101jaslap\u0101 <\/span><a href=\"https:\/\/dokforums.gov.lv\/lv\"><span style=\"font-weight: 400;\">dokforums.gov.lv\/lv<\/span><\/a><span style=\"font-weight: 400;\"> un platform\u0101 filmas.lv. Forumu r\u012bko Nacion\u0101lais Kino centrs un atbalsta Eiropas Komisijas programma Rado\u0161\u0101 Eiropa MEDIA un LR Kult\u016bras ministrija.<\/span><\/p>\n<\/div>\n    <\/div>\n    <\/div>\n<\/section>\n","protected":false},"excerpt":{"rendered":"","protected":false},"author":1,"featured_media":305,"comment_status":"closed","ping_status":"closed","sticky":false,"template":"","format":"standard","meta":{"_acf_changed":false,"footnotes":""},"categories":[20],"tags":[],"class_list":["post-335","post","type-post","status-publish","format-standard","has-post-thumbnail","hentry","category-filmu-programma"],"acf":[],"_links":{"self":[{"href":"https:\/\/dokforums.gov.lv\/lv\/wp-json\/wp\/v2\/posts\/335","targetHints":{"allow":["GET"]}}],"collection":[{"href":"https:\/\/dokforums.gov.lv\/lv\/wp-json\/wp\/v2\/posts"}],"about":[{"href":"https:\/\/dokforums.gov.lv\/lv\/wp-json\/wp\/v2\/types\/post"}],"author":[{"embeddable":true,"href":"https:\/\/dokforums.gov.lv\/lv\/wp-json\/wp\/v2\/users\/1"}],"replies":[{"embeddable":true,"href":"https:\/\/dokforums.gov.lv\/lv\/wp-json\/wp\/v2\/comments?post=335"}],"version-history":[{"count":6,"href":"https:\/\/dokforums.gov.lv\/lv\/wp-json\/wp\/v2\/posts\/335\/revisions"}],"predecessor-version":[{"id":428,"href":"https:\/\/dokforums.gov.lv\/lv\/wp-json\/wp\/v2\/posts\/335\/revisions\/428"}],"wp:featuredmedia":[{"embeddable":true,"href":"https:\/\/dokforums.gov.lv\/lv\/wp-json\/wp\/v2\/media\/305"}],"wp:attachment":[{"href":"https:\/\/dokforums.gov.lv\/lv\/wp-json\/wp\/v2\/media?parent=335"}],"wp:term":[{"taxonomy":"category","embeddable":true,"href":"https:\/\/dokforums.gov.lv\/lv\/wp-json\/wp\/v2\/categories?post=335"},{"taxonomy":"post_tag","embeddable":true,"href":"https:\/\/dokforums.gov.lv\/lv\/wp-json\/wp\/v2\/tags?post=335"}],"curies":[{"name":"wp","href":"https:\/\/api.w.org\/{rel}","templated":true}]}}